{"id":5534,"date":"2025-04-03T10:29:44","date_gmt":"2025-04-03T08:29:44","guid":{"rendered":"https:\/\/www.gutenberg.li\/?p=5534"},"modified":"2025-07-21T10:40:29","modified_gmt":"2025-07-21T08:40:29","slug":"spendenarktion-2025","status":"publish","type":"post","link":"https:\/\/www.gutenberg.li\/en\/spendenarktion-2025\/","title":{"rendered":"Donations instead of Christmas presents: Our 2025 donation campaign"},"content":{"rendered":"<p>For the 2024 Christmas season, we decided to donate the budget allocated for customer gifts to charitable causes. We chose two Liechtenstein non-profit organizations: <a href=\"https:\/\/www.caritas.li\/\" target=\"_blank\" rel=\"noopener\">Caritas Liechtenstein<\/a> and <a href=\"https:\/\/www.oja.li\/\" target=\"_blank\" rel=\"noopener\">Offene Jugendarbeit Liechtenstein (OJA)<\/a>.<\/p>\n<h2>Caritas Liechtenstein: Help for people in need<\/h2>\n<p>Since 1924, Caritas Liechtenstein, a non-profit organization, has been working to help people living in the country in difficult life situations, opening up new opportunities for those with less than optimal circumstances. The organization offers a wide range of assistance measures that provide both immediate support and long-term prospects. Through socio-educational support, for example, in cases of financial hardship, those affected receive guidance and assistance.<\/p>\n<p>Caritas places particular emphasis on promoting participation in social life. This is achieved through programs such as the \u00ab<a href=\"https:\/\/www.caritas.li\/kulturlegi-partner-werden.html\" target=\"_blank\" rel=\"noopener\">KulturLegi<\/a>\u00bb, a card that enables low-income people to take advantage of cultural and sports activities and thus actively participate in social life. Another example is the \u00ab<a href=\"https:\/\/www.caritas.li\/runder-tisch-armut.html\" target=\"_blank\" rel=\"noopener\">Runder Tisch Armut<\/a>\u00bb project, in which various social institutions collaborate to develop strategies to combat poverty.<\/p>\n<p>Gutenberg AG has decided to support the valuable work of Caritas with a donation of CHF 1,500. With this support, we are helping to ensure that Caritas can continue to help people in difficult life situations in the future.<\/p>\n<figure id=\"attachment_5544\" aria-describedby=\"caption-attachment-5544\" style=\"width: 1200px\" class=\"wp-caption aligncenter\"><a href=\"https:\/\/www.gutenberg.li\/wp-content\/uploads\/2025\/04\/spendenaktion-gutenberg-gruppenfoto.webp\"><img fetchpriority=\"high\" decoding=\"async\" class=\"wp-image-5544 size-large\" src=\"https:\/\/www.gutenberg.li\/wp-content\/uploads\/2025\/04\/spendenaktion-gutenberg-gruppenfoto-1200x800.webp\" alt=\"\" width=\"1200\" height=\"800\" srcset=\"https:\/\/www.gutenberg.li\/wp-content\/uploads\/2025\/04\/spendenaktion-gutenberg-gruppenfoto-1200x800.webp 1200w, https:\/\/www.gutenberg.li\/wp-content\/uploads\/2025\/04\/spendenaktion-gutenberg-gruppenfoto-500x333.webp 500w, https:\/\/www.gutenberg.li\/wp-content\/uploads\/2025\/04\/spendenaktion-gutenberg-gruppenfoto-768x512.webp 768w, https:\/\/www.gutenberg.li\/wp-content\/uploads\/2025\/04\/spendenaktion-gutenberg-gruppenfoto-1536x1024.webp 1536w, https:\/\/www.gutenberg.li\/wp-content\/uploads\/2025\/04\/spendenaktion-gutenberg-gruppenfoto-18x12.webp 18w, https:\/\/www.gutenberg.li\/wp-content\/uploads\/2025\/04\/spendenaktion-gutenberg-gruppenfoto.webp 1920w\" sizes=\"(max-width: 1200px) 100vw, 1200px\" \/><\/a><figcaption id=\"caption-attachment-5544\" class=\"wp-caption-text\">f.l.t.r.: Biedermann Hubert (Managing Director of Gutenberg AG), N\u00e4scher Remi (Owner of Gutenberg AG), Batliner Rita (President of Caritas Liechtenstein), Lorenz Thomas (Management of Caritas Liechtenstein)<\/figcaption><\/figure>\n<h2>Offene Jugendarbeit Liechtenstein: Spaces for young people<\/h2>\n<p>Offene Jugendarbeit Liechtenstein was founded in 2014 and operates youth centers and a girls' center in ten municipalities. These facilities offer young people from secondary school onwards a safe space for socializing, leisure activities, and personal development. Some centers specialize in specific topics, such as music and recording studios, podcasts, photography, or workshops, offering young people a wide range of opportunities for creative development.<\/p>\n<p>In addition to providing meeting places, the OJA organizes various projects and events. One example is \u00ab<a href=\"https:\/\/www.oja.li\/blog\/camp-hot-and-cold\" target=\"_blank\" rel=\"noopener\">Camp Hot and Cold<\/a>\u00bb a joint project of the <a href=\"https:\/\/www.sovort.li\/\" target=\"_blank\" rel=\"noopener\">Sovort Foundation<\/a> and <a href=\"https:\/\/www.aha.li\/\" target=\"_blank\" rel=\"noopener\">AHA Liechtenstein<\/a>. This international exchange program allows young people from different countries to try out new activities and gain intercultural experience.<\/p>\n<p>The <a href=\"https:\/\/www.matt-druck.li\/\" target=\"_blank\" rel=\"noopener\">Matt Druck AG<\/a> has decided to support the valuable work of Offene Jugendarbeit Liechtenstein with a donation of 700 francs.<\/p>\n<figure id=\"attachment_5533\" aria-describedby=\"caption-attachment-5533\" style=\"width: 1200px\" class=\"wp-caption aligncenter\"><a href=\"https:\/\/www.gutenberg.li\/wp-content\/uploads\/2025\/04\/spendenaktion-matt-druck-gruppenfoto.webp\"><img decoding=\"async\" class=\"wp-image-5533 size-large\" src=\"https:\/\/www.gutenberg.li\/wp-content\/uploads\/2025\/04\/spendenaktion-matt-druck-gruppenfoto-1200x800.webp\" alt=\"\" width=\"1200\" height=\"800\" srcset=\"https:\/\/www.gutenberg.li\/wp-content\/uploads\/2025\/04\/spendenaktion-matt-druck-gruppenfoto-1200x800.webp 1200w, https:\/\/www.gutenberg.li\/wp-content\/uploads\/2025\/04\/spendenaktion-matt-druck-gruppenfoto-500x333.webp 500w, https:\/\/www.gutenberg.li\/wp-content\/uploads\/2025\/04\/spendenaktion-matt-druck-gruppenfoto-768x512.webp 768w, https:\/\/www.gutenberg.li\/wp-content\/uploads\/2025\/04\/spendenaktion-matt-druck-gruppenfoto-1536x1024.webp 1536w, https:\/\/www.gutenberg.li\/wp-content\/uploads\/2025\/04\/spendenaktion-matt-druck-gruppenfoto-18x12.webp 18w, https:\/\/www.gutenberg.li\/wp-content\/uploads\/2025\/04\/spendenaktion-matt-druck-gruppenfoto.webp 1920w\" sizes=\"(max-width: 1200px) 100vw, 1200px\" \/><\/a><figcaption id=\"caption-attachment-5533\" class=\"wp-caption-text\">f.l.t.r.: Biedermann Hubert (Managing Director of Gutenberg AG), N\u00e4scher Remi (Owner of Gutenberg AG), B\u00fcchel Markus (Managing Director of Open Youth Work Liechtenstein)<\/figcaption><\/figure>\n<p>We are convinced that these donations make a positive contribution. If you would like to support this valuable work, you can find further information and donation options on the respective websites.<\/p>\n<p>Follow us on:<\/p>\n<p><a href=\"https:\/\/www.facebook.com\/GutenbergAG\" target=\"_blank\" rel=\"noopener\"><img decoding=\"async\" src=\"https:\/\/www.gutenberg.li\/wp-content\/uploads\/2024\/12\/facebook.webp\" alt=\"\" width=\"20\" height=\"20\" \/><\/a>\u00a0 \u00a0<a href=\"https:\/\/www.instagram.com\/gutenberg_ag\/\" target=\"_blank\" rel=\"noopener\"><img loading=\"lazy\" decoding=\"async\" src=\"https:\/\/www.gutenberg.li\/wp-content\/uploads\/2024\/12\/insta.webp\" alt=\"\" width=\"20\" height=\"20\" \/><\/a>\u00a0 \u00a0<a href=\"https:\/\/www.linkedin.com\/company\/gutenberg-ag\/\" target=\"_blank\" rel=\"noopener\"><img loading=\"lazy\" decoding=\"async\" src=\"https:\/\/www.gutenberg.li\/wp-content\/uploads\/2024\/12\/linkedin.webp\" alt=\"\" width=\"20\" height=\"20\" \/><\/a><\/p>\n<p>Contact us:<br \/>\n<a href=\"mailto:office@gutenberg.li\"><span style=\"display:inline;unicode-bidi:bidi-override;direction:rtl;\" class=\"\">il.grebnetug<span style=\"display:none;\">obfsctd-940717<\/span>&#64;eciffo<\/span><\/a><br \/>\n<a href=\"tel:004232395050\">+423 239 50 50<\/a><\/p>","protected":false},"excerpt":{"rendered":"<p>In der Weihnachtszeit 2024 haben wir beschlossen, das f\u00fcr Kundengeschenke vorgesehene Budget dieses Jahr wohlt\u00e4tigen Zwecken zu spenden. Unsere Wahl fiel auf zwei gemeinn\u00fctzige Liechtensteiner Organisationen: die Caritas Liechtenstein und die Offene Jugendarbeit Liechtenstein (OJA). Caritas Liechtenstein: Hilfe f\u00fcr Menschen in Not Seit 1924 engagiert sich die Caritas Liechtenstein als gemeinn\u00fctziger Verein f\u00fcr im Land [&hellip;]<\/p>\n","protected":false},"author":4,"featured_media":5548,"comment_status":"closed","ping_status":"closed","sticky":false,"template":"","format":"standard","meta":{"iawp_total_views":56,"footnotes":""},"categories":[61],"tags":[],"class_list":["post-5534","post","type-post","status-publish","format-standard","has-post-thumbnail","hentry","category-news"],"_links":{"self":[{"href":"https:\/\/www.gutenberg.li\/en\/wp-json\/wp\/v2\/posts\/5534","targetHints":{"allow":["GET"]}}],"collection":[{"href":"https:\/\/www.gutenberg.li\/en\/wp-json\/wp\/v2\/posts"}],"about":[{"href":"https:\/\/www.gutenberg.li\/en\/wp-json\/wp\/v2\/types\/post"}],"author":[{"embeddable":true,"href":"https:\/\/www.gutenberg.li\/en\/wp-json\/wp\/v2\/users\/4"}],"replies":[{"embeddable":true,"href":"https:\/\/www.gutenberg.li\/en\/wp-json\/wp\/v2\/comments?post=5534"}],"version-history":[{"count":14,"href":"https:\/\/www.gutenberg.li\/en\/wp-json\/wp\/v2\/posts\/5534\/revisions"}],"predecessor-version":[{"id":5550,"href":"https:\/\/www.gutenberg.li\/en\/wp-json\/wp\/v2\/posts\/5534\/revisions\/5550"}],"wp:featuredmedia":[{"embeddable":true,"href":"https:\/\/www.gutenberg.li\/en\/wp-json\/wp\/v2\/media\/5548"}],"wp:attachment":[{"href":"https:\/\/www.gutenberg.li\/en\/wp-json\/wp\/v2\/media?parent=5534"}],"wp:term":[{"taxonomy":"category","embeddable":true,"href":"https:\/\/www.gutenberg.li\/en\/wp-json\/wp\/v2\/categories?post=5534"},{"taxonomy":"post_tag","embeddable":true,"href":"https:\/\/www.gutenberg.li\/en\/wp-json\/wp\/v2\/tags?post=5534"}],"curies":[{"name":"wp","href":"https:\/\/api.w.org\/{rel}","templated":true}]}}